{"id":6413,"date":"2024-11-12T18:05:18","date_gmt":"2024-11-12T17:05:18","guid":{"rendered":"https:\/\/damartex.com\/?p=6413"},"modified":"2024-11-12T18:05:21","modified_gmt":"2024-11-12T17:05:21","slug":"damartex-evolves-its-governance","status":"publish","type":"post","link":"https:\/\/damartex.com\/en\/damartex-evolves-its-governance\/","title":{"rendered":"Damartex evolves its governance"},"content":{"rendered":"\n<p><strong>The Group announces the forthcoming arrival of Nicolas Marchand as Chief Executive Officier<\/strong><\/p>\n\n\n\n<p>After 16 years at the helm of Damartex, Patrick Seghin has announced his intention to leave the Group to take up non-executive positions. He will remain with Damartex until 31 March 2025 to ensure an effective transition to his successor, Nicolas Marchand, who will join the Group on 1 January 2025 and will take up his post as Chairman of the Executive Board on 17 February 2025.<\/p>\n\n\n\n<p>With solid experience in steering and managing companies in a variety of sectors, Nicolas Marchand has held a number of key positions at McKinsey, BNP Paribas Fortis, VOO, a Belgian internet and telephony operator, and more recently Trafic, where he was Managing Director. Nicolas helped to define the new strategic roadmap for Trafic, a Belgian non-food retailer also present in France and Luxembourg, and supported the company&#8217;s transformation and growth.<\/p>\n\n\n\n<p><em>\u2018I am delighted that Nicolas Marchand has joined Damartex as CEO. His varied experience and ability to grasp the challenges of multiple sectors and adapt to the different markets in which our Group operates are undeniable assets. I would also like to extend my warmest thanks to Patrick Seghin for his unwavering commitment to Damartex, for his leadership and for his contribution to the company&#8217;s development and transformation since 2008,\u2019 <\/em>says Jean Guillaume Despature, Chairman of the Supervisory Board.<\/p>\n\n\n\n<p><em>\u2018I&#8217;m very honoured to have been given this opportunity to contribute to the development of the Damartex group. I&#8217;m joining a meaningful company with a rich history, strong values and solid fundamentals. I&#8217;m looking forward to meeting the teams and writing the next pages of the adventure with them\u2019, <\/em>says Nicolas Marchand, future CEO of Damartex Group.<\/p>\n\n\n\n<p><em>\u2018After more than 16 years at the helm of the Damartex Group, I would like to express my deepest gratitude to all my colleagues, to the Supervisory Board and to our historic shareholder, who have never ceased to place their trust in me. I&#8217;m proud to have been able to contribute to the development of a bold, unique French company that is now recognised beyond our borders,\u2019 <\/em>adds Patrick Seghin, Chairman of the Management Board of the Damartex Group.<\/p>\n","protected":false},"excerpt":{"rendered":"<p>The Group announces the forthcoming arrival of Nicolas Marchand as Chief Executive Officier After 16 years at the helm of Damartex, Patrick Seghin has announced his intention to leave the Group to take up non-executive positions. He will remain with Damartex until 31 March 2025 to ensure an effective transition to his successor, Nicolas Marchand, [&hellip;]<\/p>\n","protected":false},"author":2,"featured_media":4726,"comment_status":"open","ping_status":"open","sticky":false,"template":"","format":"standard","meta":{"_acf_changed":false,"footnotes":""},"categories":[12],"tags":[],"class_list":["post-6413","post","type-post","status-publish","format-standard","has-post-thumbnail","hentry","category-uncategorized"],"acf":[],"yoast_head":"<!-- This site is optimized with the Yoast SEO plugin v27.2 - https:\/\/yoast.com\/product\/yoast-seo-wordpress\/ -->\n<title>Damartex evolves its governance - Damartex<\/title>\n<meta name=\"robots\" content=\"index, follow, max-snippet:-1, max-image-preview:large, max-video-preview:-1\" \/>\n<link rel=\"canonical\" href=\"https:\/\/damartex.com\/en\/damartex-evolves-its-governance\/\" \/>\n<meta property=\"og:locale\" content=\"en_US\" \/>\n<meta property=\"og:type\" content=\"article\" \/>\n<meta property=\"og:title\" content=\"Damartex evolves its governance - Damartex\" \/>\n<meta property=\"og:description\" content=\"The Group announces the forthcoming arrival of Nicolas Marchand as Chief Executive Officier After 16 years at the helm of Damartex, Patrick Seghin has announced his intention to leave the Group to take up non-executive positions. He will remain with Damartex until 31 March 2025 to ensure an effective transition to his successor, Nicolas Marchand, [&hellip;]\" \/>\n<meta property=\"og:url\" content=\"https:\/\/damartex.com\/en\/damartex-evolves-its-governance\/\" \/>\n<meta property=\"og:site_name\" content=\"Damartex\" \/>\n<meta property=\"article:published_time\" content=\"2024-11-12T17:05:18+00:00\" \/>\n<meta property=\"article:modified_time\" content=\"2024-11-12T17:05:21+00:00\" \/>\n<meta property=\"og:image\" content=\"https:\/\/damartex.com\/assets\/uploads\/2022\/03\/AdobeStock_177596691-accord-scaled.jpeg\" \/>\n\t<meta property=\"og:image:width\" content=\"2560\" \/>\n\t<meta property=\"og:image:height\" content=\"1707\" \/>\n\t<meta property=\"og:image:type\" content=\"image\/jpeg\" \/>\n<meta name=\"author\" content=\"asdujardin\" \/>\n<meta name=\"twitter:card\" content=\"summary_large_image\" \/>\n<meta name=\"twitter:label1\" content=\"Written by\" \/>\n\t<meta name=\"twitter:data1\" content=\"asdujardin\" \/>\n\t<meta name=\"twitter:label2\" content=\"Est. reading time\" \/>\n\t<meta name=\"twitter:data2\" content=\"3 minutes\" \/>\n<script type=\"application\/ld+json\" class=\"yoast-schema-graph\">{\"@context\":\"https:\/\/schema.org\",\"@graph\":[{\"@type\":\"Article\",\"@id\":\"https:\/\/damartex.com\/en\/damartex-evolves-its-governance\/#article\",\"isPartOf\":{\"@id\":\"https:\/\/damartex.com\/en\/damartex-evolves-its-governance\/\"},\"author\":{\"name\":\"asdujardin\",\"@id\":\"https:\/\/damartex.com\/#\/schema\/person\/7bffe9b9852398db7531bc5ce0216925\"},\"headline\":\"Damartex evolves its governance\",\"datePublished\":\"2024-11-12T17:05:18+00:00\",\"dateModified\":\"2024-11-12T17:05:21+00:00\",\"mainEntityOfPage\":{\"@id\":\"https:\/\/damartex.com\/en\/damartex-evolves-its-governance\/\"},\"wordCount\":366,\"commentCount\":0,\"publisher\":{\"@id\":\"https:\/\/damartex.com\/#organization\"},\"image\":{\"@id\":\"https:\/\/damartex.com\/en\/damartex-evolves-its-governance\/#primaryimage\"},\"thumbnailUrl\":\"https:\/\/damartex.com\/assets\/uploads\/2022\/03\/AdobeStock_177596691-accord-scaled.jpeg\",\"inLanguage\":\"en-US\",\"potentialAction\":[{\"@type\":\"CommentAction\",\"name\":\"Comment\",\"target\":[\"https:\/\/damartex.com\/en\/damartex-evolves-its-governance\/#respond\"]}]},{\"@type\":\"WebPage\",\"@id\":\"https:\/\/damartex.com\/en\/damartex-evolves-its-governance\/\",\"url\":\"https:\/\/damartex.com\/en\/damartex-evolves-its-governance\/\",\"name\":\"Damartex evolves its governance - Damartex\",\"isPartOf\":{\"@id\":\"https:\/\/damartex.com\/#website\"},\"primaryImageOfPage\":{\"@id\":\"https:\/\/damartex.com\/en\/damartex-evolves-its-governance\/#primaryimage\"},\"image\":{\"@id\":\"https:\/\/damartex.com\/en\/damartex-evolves-its-governance\/#primaryimage\"},\"thumbnailUrl\":\"https:\/\/damartex.com\/assets\/uploads\/2022\/03\/AdobeStock_177596691-accord-scaled.jpeg\",\"datePublished\":\"2024-11-12T17:05:18+00:00\",\"dateModified\":\"2024-11-12T17:05:21+00:00\",\"breadcrumb\":{\"@id\":\"https:\/\/damartex.com\/en\/damartex-evolves-its-governance\/#breadcrumb\"},\"inLanguage\":\"en-US\",\"potentialAction\":[{\"@type\":\"ReadAction\",\"target\":[\"https:\/\/damartex.com\/en\/damartex-evolves-its-governance\/\"]}]},{\"@type\":\"ImageObject\",\"inLanguage\":\"en-US\",\"@id\":\"https:\/\/damartex.com\/en\/damartex-evolves-its-governance\/#primaryimage\",\"url\":\"https:\/\/damartex.com\/assets\/uploads\/2022\/03\/AdobeStock_177596691-accord-scaled.jpeg\",\"contentUrl\":\"https:\/\/damartex.com\/assets\/uploads\/2022\/03\/AdobeStock_177596691-accord-scaled.jpeg\",\"width\":2560,\"height\":1707,\"caption\":\"Close up of Business people shaking hands, finishing up meeting, business etiquette, congratulation, merger and acquisition concept\"},{\"@type\":\"BreadcrumbList\",\"@id\":\"https:\/\/damartex.com\/en\/damartex-evolves-its-governance\/#breadcrumb\",\"itemListElement\":[{\"@type\":\"ListItem\",\"position\":1,\"name\":\"Home\",\"item\":\"https:\/\/damartex.com\/en\/\"},{\"@type\":\"ListItem\",\"position\":2,\"name\":\"Damartex evolves its governance\"}]},{\"@type\":\"WebSite\",\"@id\":\"https:\/\/damartex.com\/#website\",\"url\":\"https:\/\/damartex.com\/\",\"name\":\"Damartex\",\"description\":\"Damartex regroupe neuf enseignes : Damart, Afibel, Xandres pour le p\u00f4le \u00ab Textile \u00bb, 3Pagen, Vitrine Magique, Coopers of Stortford, pour le p\u00f4le &quot;Home and Lifestyle&quot;, Sant\u00e9ol, MSant\u00e9 et Almadia pour le p\u00f4le &quot;Sant\u00e9&quot;\",\"publisher\":{\"@id\":\"https:\/\/damartex.com\/#organization\"},\"potentialAction\":[{\"@type\":\"SearchAction\",\"target\":{\"@type\":\"EntryPoint\",\"urlTemplate\":\"https:\/\/damartex.com\/?s={search_term_string}\"},\"query-input\":{\"@type\":\"PropertyValueSpecification\",\"valueRequired\":true,\"valueName\":\"search_term_string\"}}],\"inLanguage\":\"en-US\"},{\"@type\":\"Organization\",\"@id\":\"https:\/\/damartex.com\/#organization\",\"name\":\"Damartex\",\"url\":\"https:\/\/damartex.com\/\",\"logo\":{\"@type\":\"ImageObject\",\"inLanguage\":\"en-US\",\"@id\":\"https:\/\/damartex.com\/#\/schema\/logo\/image\/\",\"url\":\"https:\/\/damartex.com\/assets\/uploads\/2020\/02\/logo.png\",\"contentUrl\":\"https:\/\/damartex.com\/assets\/uploads\/2020\/02\/logo.png\",\"width\":451,\"height\":184,\"caption\":\"Damartex\"},\"image\":{\"@id\":\"https:\/\/damartex.com\/#\/schema\/logo\/image\/\"},\"sameAs\":[\"https:\/\/www.linkedin.com\/company\/groupe-damartex\/\"]},{\"@type\":\"Person\",\"@id\":\"https:\/\/damartex.com\/#\/schema\/person\/7bffe9b9852398db7531bc5ce0216925\",\"name\":\"asdujardin\",\"image\":{\"@type\":\"ImageObject\",\"inLanguage\":\"en-US\",\"@id\":\"https:\/\/secure.gravatar.com\/avatar\/93b0b2ee34edfadfe128766f09ac15e8a437e698977db2e49533aeee99b0ab1e?s=96&d=mm&r=g\",\"url\":\"https:\/\/secure.gravatar.com\/avatar\/93b0b2ee34edfadfe128766f09ac15e8a437e698977db2e49533aeee99b0ab1e?s=96&d=mm&r=g\",\"contentUrl\":\"https:\/\/secure.gravatar.com\/avatar\/93b0b2ee34edfadfe128766f09ac15e8a437e698977db2e49533aeee99b0ab1e?s=96&d=mm&r=g\",\"caption\":\"asdujardin\"}}]}<\/script>\n<!-- \/ Yoast SEO plugin. -->","yoast_head_json":{"title":"Damartex evolves its governance - Damartex","robots":{"index":"index","follow":"follow","max-snippet":"max-snippet:-1","max-image-preview":"max-image-preview:large","max-video-preview":"max-video-preview:-1"},"canonical":"https:\/\/damartex.com\/en\/damartex-evolves-its-governance\/","og_locale":"en_US","og_type":"article","og_title":"Damartex evolves its governance - Damartex","og_description":"The Group announces the forthcoming arrival of Nicolas Marchand as Chief Executive Officier After 16 years at the helm of Damartex, Patrick Seghin has announced his intention to leave the Group to take up non-executive positions. He will remain with Damartex until 31 March 2025 to ensure an effective transition to his successor, Nicolas Marchand, [&hellip;]","og_url":"https:\/\/damartex.com\/en\/damartex-evolves-its-governance\/","og_site_name":"Damartex","article_published_time":"2024-11-12T17:05:18+00:00","article_modified_time":"2024-11-12T17:05:21+00:00","og_image":[{"width":2560,"height":1707,"url":"https:\/\/damartex.com\/assets\/uploads\/2022\/03\/AdobeStock_177596691-accord-scaled.jpeg","type":"image\/jpeg"}],"author":"asdujardin","twitter_card":"summary_large_image","twitter_misc":{"Written by":"asdujardin","Est. reading time":"3 minutes"},"schema":{"@context":"https:\/\/schema.org","@graph":[{"@type":"Article","@id":"https:\/\/damartex.com\/en\/damartex-evolves-its-governance\/#article","isPartOf":{"@id":"https:\/\/damartex.com\/en\/damartex-evolves-its-governance\/"},"author":{"name":"asdujardin","@id":"https:\/\/damartex.com\/#\/schema\/person\/7bffe9b9852398db7531bc5ce0216925"},"headline":"Damartex evolves its governance","datePublished":"2024-11-12T17:05:18+00:00","dateModified":"2024-11-12T17:05:21+00:00","mainEntityOfPage":{"@id":"https:\/\/damartex.com\/en\/damartex-evolves-its-governance\/"},"wordCount":366,"commentCount":0,"publisher":{"@id":"https:\/\/damartex.com\/#organization"},"image":{"@id":"https:\/\/damartex.com\/en\/damartex-evolves-its-governance\/#primaryimage"},"thumbnailUrl":"https:\/\/damartex.com\/assets\/uploads\/2022\/03\/AdobeStock_177596691-accord-scaled.jpeg","inLanguage":"en-US","potentialAction":[{"@type":"CommentAction","name":"Comment","target":["https:\/\/damartex.com\/en\/damartex-evolves-its-governance\/#respond"]}]},{"@type":"WebPage","@id":"https:\/\/damartex.com\/en\/damartex-evolves-its-governance\/","url":"https:\/\/damartex.com\/en\/damartex-evolves-its-governance\/","name":"Damartex evolves its governance - Damartex","isPartOf":{"@id":"https:\/\/damartex.com\/#website"},"primaryImageOfPage":{"@id":"https:\/\/damartex.com\/en\/damartex-evolves-its-governance\/#primaryimage"},"image":{"@id":"https:\/\/damartex.com\/en\/damartex-evolves-its-governance\/#primaryimage"},"thumbnailUrl":"https:\/\/damartex.com\/assets\/uploads\/2022\/03\/AdobeStock_177596691-accord-scaled.jpeg","datePublished":"2024-11-12T17:05:18+00:00","dateModified":"2024-11-12T17:05:21+00:00","breadcrumb":{"@id":"https:\/\/damartex.com\/en\/damartex-evolves-its-governance\/#breadcrumb"},"inLanguage":"en-US","potentialAction":[{"@type":"ReadAction","target":["https:\/\/damartex.com\/en\/damartex-evolves-its-governance\/"]}]},{"@type":"ImageObject","inLanguage":"en-US","@id":"https:\/\/damartex.com\/en\/damartex-evolves-its-governance\/#primaryimage","url":"https:\/\/damartex.com\/assets\/uploads\/2022\/03\/AdobeStock_177596691-accord-scaled.jpeg","contentUrl":"https:\/\/damartex.com\/assets\/uploads\/2022\/03\/AdobeStock_177596691-accord-scaled.jpeg","width":2560,"height":1707,"caption":"Close up of Business people shaking hands, finishing up meeting, business etiquette, congratulation, merger and acquisition concept"},{"@type":"BreadcrumbList","@id":"https:\/\/damartex.com\/en\/damartex-evolves-its-governance\/#breadcrumb","itemListElement":[{"@type":"ListItem","position":1,"name":"Home","item":"https:\/\/damartex.com\/en\/"},{"@type":"ListItem","position":2,"name":"Damartex evolves its governance"}]},{"@type":"WebSite","@id":"https:\/\/damartex.com\/#website","url":"https:\/\/damartex.com\/","name":"Damartex","description":"Damartex regroupe neuf enseignes : Damart, Afibel, Xandres pour le p\u00f4le \u00ab Textile \u00bb, 3Pagen, Vitrine Magique, Coopers of Stortford, pour le p\u00f4le &quot;Home and Lifestyle&quot;, Sant\u00e9ol, MSant\u00e9 et Almadia pour le p\u00f4le &quot;Sant\u00e9&quot;","publisher":{"@id":"https:\/\/damartex.com\/#organization"},"potentialAction":[{"@type":"SearchAction","target":{"@type":"EntryPoint","urlTemplate":"https:\/\/damartex.com\/?s={search_term_string}"},"query-input":{"@type":"PropertyValueSpecification","valueRequired":true,"valueName":"search_term_string"}}],"inLanguage":"en-US"},{"@type":"Organization","@id":"https:\/\/damartex.com\/#organization","name":"Damartex","url":"https:\/\/damartex.com\/","logo":{"@type":"ImageObject","inLanguage":"en-US","@id":"https:\/\/damartex.com\/#\/schema\/logo\/image\/","url":"https:\/\/damartex.com\/assets\/uploads\/2020\/02\/logo.png","contentUrl":"https:\/\/damartex.com\/assets\/uploads\/2020\/02\/logo.png","width":451,"height":184,"caption":"Damartex"},"image":{"@id":"https:\/\/damartex.com\/#\/schema\/logo\/image\/"},"sameAs":["https:\/\/www.linkedin.com\/company\/groupe-damartex\/"]},{"@type":"Person","@id":"https:\/\/damartex.com\/#\/schema\/person\/7bffe9b9852398db7531bc5ce0216925","name":"asdujardin","image":{"@type":"ImageObject","inLanguage":"en-US","@id":"https:\/\/secure.gravatar.com\/avatar\/93b0b2ee34edfadfe128766f09ac15e8a437e698977db2e49533aeee99b0ab1e?s=96&d=mm&r=g","url":"https:\/\/secure.gravatar.com\/avatar\/93b0b2ee34edfadfe128766f09ac15e8a437e698977db2e49533aeee99b0ab1e?s=96&d=mm&r=g","contentUrl":"https:\/\/secure.gravatar.com\/avatar\/93b0b2ee34edfadfe128766f09ac15e8a437e698977db2e49533aeee99b0ab1e?s=96&d=mm&r=g","caption":"asdujardin"}}]}},"_links":{"self":[{"href":"https:\/\/damartex.com\/en\/wp-json\/wp\/v2\/posts\/6413","targetHints":{"allow":["GET"]}}],"collection":[{"href":"https:\/\/damartex.com\/en\/wp-json\/wp\/v2\/posts"}],"about":[{"href":"https:\/\/damartex.com\/en\/wp-json\/wp\/v2\/types\/post"}],"author":[{"embeddable":true,"href":"https:\/\/damartex.com\/en\/wp-json\/wp\/v2\/users\/2"}],"replies":[{"embeddable":true,"href":"https:\/\/damartex.com\/en\/wp-json\/wp\/v2\/comments?post=6413"}],"version-history":[{"count":1,"href":"https:\/\/damartex.com\/en\/wp-json\/wp\/v2\/posts\/6413\/revisions"}],"predecessor-version":[{"id":6414,"href":"https:\/\/damartex.com\/en\/wp-json\/wp\/v2\/posts\/6413\/revisions\/6414"}],"wp:featuredmedia":[{"embeddable":true,"href":"https:\/\/damartex.com\/en\/wp-json\/wp\/v2\/media\/4726"}],"wp:attachment":[{"href":"https:\/\/damartex.com\/en\/wp-json\/wp\/v2\/media?parent=6413"}],"wp:term":[{"taxonomy":"category","embeddable":true,"href":"https:\/\/damartex.com\/en\/wp-json\/wp\/v2\/categories?post=6413"},{"taxonomy":"post_tag","embeddable":true,"href":"https:\/\/damartex.com\/en\/wp-json\/wp\/v2\/tags?post=6413"}],"curies":[{"name":"wp","href":"https:\/\/api.w.org\/{rel}","templated":true}]}}