{"id":5596,"date":"2023-09-05T18:12:01","date_gmt":"2023-09-05T16:12:01","guid":{"rendered":"https:\/\/damartex.com\/?p=5596"},"modified":"2023-09-05T18:27:15","modified_gmt":"2023-09-05T16:27:15","slug":"results-for-the-2022-2023-financial-year","status":"publish","type":"post","link":"https:\/\/damartex.com\/en\/results-for-the-2022-2023-financial-year\/","title":{"rendered":"Results for the 2022\/2023 Financial Year"},"content":{"rendered":"\n<p class=\"has-medium-font-size\"><strong>A Year Dedicated to Securing the Group&#8217;s Future<\/strong>. <strong>Launch of the New Strategic Plan<\/strong><\/p>\n\n\n\n<p><strong>BUSINESS<\/strong><\/p>\n\n\n\n<figure class=\"wp-block-image size-full\"><img fetchpriority=\"high\" decoding=\"async\" width=\"689\" height=\"491\" src=\"https:\/\/damartex.com\/assets\/uploads\/2023\/09\/Results-annuels.png\" alt=\"\" class=\"wp-image-5600\" srcset=\"https:\/\/damartex.com\/assets\/uploads\/2023\/09\/Results-annuels.png 689w, https:\/\/damartex.com\/assets\/uploads\/2023\/09\/Results-annuels-300x214.png 300w\" sizes=\"(max-width: 689px) 100vw, 689px\" \/><\/figure>\n\n\n\n<p>Damartex ended the 2022\/23 financial year with sales of \u20ac650.4 Mn, down on the previous year (-9.5% at actual exchange rates, -9.0% at like-for-like exchange rates), still impacted by the unfavourable macroeconomic environment and the contraction in consumption observed in certain markets, particularly in Great Britain.<\/p>\n\n\n\n<p>The<strong> Fashion Division\u2019s <\/strong>sales came to \u20ac498.4 Mn, down -6.9% at actual exchange rates, despite a good performance from the store channel (+9.3%) and the Xandres banner (+22.1%).<\/p>\n\n\n\n<p>The <strong>Home &amp; Lifestyle <\/strong>division posted sales of \u20ac111 Mn, down -24.8% at actual exchange rates, still affected by the fall in demand for home items, particularly in the UK.<\/p>\n\n\n\n<p>The <strong>Healthcare Division<\/strong> maintained its excellent growth momentum, posting a solid performance with sales of \u20ac41.1 Mn, a significant increase of +14.3% at actual exchange rates. During the financial year, the Group concentrated on integrating the acquisitions made in this division.<\/p>\n\n\n\n<p><strong>RESULTS<\/strong><\/p>\n\n\n\n<p>The <strong>Group&#8217;s operating EBITDA came to \u20ac-0.9 Mn<\/strong>, compared with \u20ac8.9 Mn last year, reflecting the fall in activity over the financial year.<\/p>\n\n\n\n<p>With inflation still high and continuing to weigh on both demand and costs, the Group has implemented strict steering of its marketing costs, while maintaining commercial efficiency. More generally, Damartex has continued to manage its business very rigorously, by making impactful operational and strategic decisions. Against this backdrop, priority was given to securing the Group&#8217;s future.<\/p>\n\n\n\n<p>Operating EBITDA came to \u20ac+3.9 Mn for the Fashion Division, reflecting the robustness of Damart and the dynamism of Xandres, and \u20ac-8.9 Mn for the Home &amp; Lifestyle Division, as a direct consequence of the general fall in demand, while the Healthcare Division posted an operating EBITDA of \u20ac+4.1 Mn, thanks to a business less exposed to the economic conditions.<\/p>\n\n\n\n<p>The Damartex Group ended the 2022\/23 financial year with a <strong>net loss of \u20ac\u201132.6&nbsp;Mn<\/strong>.<\/p>\n\n\n\n<p><strong>FINANCIAL POSITION<\/strong><\/p>\n\n\n\n<p><strong>The net financial position was \u20ac-81.9 Mn <\/strong>as of the end of June 2023 (against \u20ac\u201148.0 Mn as of the end of June 2022). While the Group is vigilant in view of the current environment, it is nonetheless maintaining the investments necessary to achieve its ambitions, focusing mainly on digitalizing its activities.<\/p>\n\n\n\n<p><strong>The Working Capital Requirement<\/strong> stood at \u20ac31.6 Mn at end-June 2023, virtually unchanged from the previous year. This level reflects both the adjustment of purchases to demand and the net improvement\/reduction in inventory levels, thanks to the Group&#8217;s proactive and efficient steering.<\/p>\n\n\n\n<p><strong>DIVIDEND<\/strong><\/p>\n\n\n\n<p>Considering the impact of the economic situation and the Group&#8217;s transformation momentum, the Management Board will not propose the distribution of a dividend at the Annual General Meeting scheduled for 16 November 2023.<\/p>\n\n\n\n<p class=\"has-text-align-left\"><img decoding=\"async\" width=\"150\" height=\"150\" class=\"wp-image-5597\" style=\"width: 150px;\" src=\"https:\/\/damartex.com\/assets\/uploads\/2023\/09\/Picto_DAMARTEX_213.png\" alt=\"\" srcset=\"https:\/\/damartex.com\/assets\/uploads\/2023\/09\/Picto_DAMARTEX_213.png 794w, https:\/\/damartex.com\/assets\/uploads\/2023\/09\/Picto_DAMARTEX_213-300x300.png 300w, https:\/\/damartex.com\/assets\/uploads\/2023\/09\/elementor\/thumbs\/Picto_DAMARTEX_213-qbyzaxlfgs0t7vlgfbyjzps27vaqzr2vqzlp1enal8.png 150w, https:\/\/damartex.com\/assets\/uploads\/2023\/09\/Picto_DAMARTEX_213-768x768.png 768w, https:\/\/damartex.com\/assets\/uploads\/2023\/09\/elementor\/thumbs\/Picto_DAMARTEX_213-qbyzaxlem2vb39vuc3cqigl7hqclxitvmqe2qfb8kg.png 80w, https:\/\/damartex.com\/assets\/uploads\/2023\/09\/elementor\/thumbs\/Picto_DAMARTEX_213-qbyzaxleuumlevil7viyxocvp76xnvh0t3b3ypeoko.png 100w, https:\/\/damartex.com\/assets\/uploads\/2023\/09\/elementor\/thumbs\/Picto_DAMARTEX_213-qbyzaxlf809iw9ypjjsbki0e0egf9efqkmont4jul0.png 130w\" sizes=\"(max-width: 150px) 100vw, 150px\" \/><strong>OUTLOOK AND NEW STRATEGIC PLAN<\/strong> : <\/p>\n\n\n\n<p class=\"has-text-align-left\">As it is firmly committed to its ambition of becoming a European reference in the Silver Economy, the Group has structured the next stages of its development in its new 3-year strategic plan: <em>DARE. ACT. IMPACT. 2026<\/em><\/p>\n\n\n\n<p>This roadmap is built around four main complementary areas:<\/p>\n\n\n\n<ul class=\"wp-block-list\">\n<li>Delivering Financial performance: Many initiatives will be put in place to optimize the operational profitability of each division. In this context, the Group has decided to put the Afibel business up for sale to concentrate its efforts and investments on a limited number of brands. In July 2023, the S\u00e9dagyl &amp; M\u00e9dical Sant\u00e9 brands were merged within the new Almadia entity to provide a single, comprehensive ageing-in- place offering. With its experience of steering in time of crisis, the Group has also launched a cost-cutting plan that will generate annual savings of \u20ac9 Mn.<\/li>\n<\/ul>\n\n\n\n<ul class=\"wp-block-list\">\n<li>Innovative Brand Experience: Across its three divisions, the Group will focus its investment on developing the image and influence of its brands to create a resolutely innovative customer-patient experience.<\/li>\n\n\n\n<li>Change Our World: as it is aware of its social role, Damartex is stepping up its current momentum to achieve its ambition of reducing its carbon footprint by 25% by 2026.<\/li>\n\n\n\n<li>Shared Leadership: The Group is paving the way for a different kind of leadership, based on autonomy and shared responsibility.<\/li>\n<\/ul>\n\n\n\n<p>After this year of transition\/security, Damartex intends to continue its proactive and rigorous management of its activities to continue to face up to cyclical crises and to guarantee its long-term future.<\/p>\n","protected":false},"excerpt":{"rendered":"<p>A Year Dedicated to Securing the Group&#8217;s Future. Launch of the New Strategic Plan BUSINESS Damartex ended the 2022\/23 financial year with sales of \u20ac650.4 Mn, down on the previous year (-9.5% at actual exchange rates, -9.0% at like-for-like exchange rates), still impacted by the unfavourable macroeconomic environment and the contraction in consumption observed in [&hellip;]<\/p>\n","protected":false},"author":2,"featured_media":4562,"comment_status":"open","ping_status":"open","sticky":false,"template":"","format":"standard","meta":{"_acf_changed":false,"footnotes":""},"categories":[12],"tags":[],"class_list":["post-5596","post","type-post","status-publish","format-standard","has-post-thumbnail","hentry","category-uncategorized"],"acf":[],"yoast_head":"<!-- This site is optimized with the Yoast SEO plugin v27.5 - https:\/\/yoast.com\/product\/yoast-seo-wordpress\/ -->\n<title>Results for the 2022\/2023 Financial Year - Damartex<\/title>\n<meta name=\"robots\" content=\"index, follow, max-snippet:-1, max-image-preview:large, max-video-preview:-1\" \/>\n<link rel=\"canonical\" href=\"https:\/\/damartex.com\/en\/results-for-the-2022-2023-financial-year\/\" \/>\n<meta property=\"og:locale\" content=\"en_US\" \/>\n<meta property=\"og:type\" content=\"article\" \/>\n<meta property=\"og:title\" content=\"Results for the 2022\/2023 Financial Year - Damartex\" \/>\n<meta property=\"og:description\" content=\"A Year Dedicated to Securing the Group&#8217;s Future. Launch of the New Strategic Plan BUSINESS Damartex ended the 2022\/23 financial year with sales of \u20ac650.4 Mn, down on the previous year (-9.5% at actual exchange rates, -9.0% at like-for-like exchange rates), still impacted by the unfavourable macroeconomic environment and the contraction in consumption observed in [&hellip;]\" \/>\n<meta property=\"og:url\" content=\"https:\/\/damartex.com\/en\/results-for-the-2022-2023-financial-year\/\" \/>\n<meta property=\"og:site_name\" content=\"Damartex\" \/>\n<meta property=\"article:published_time\" content=\"2023-09-05T16:12:01+00:00\" \/>\n<meta property=\"article:modified_time\" content=\"2023-09-05T16:27:15+00:00\" \/>\n<meta property=\"og:image\" content=\"https:\/\/damartex.com\/assets\/uploads\/2022\/01\/Sans-titre-2022-01-20T180655.356.png\" \/>\n\t<meta property=\"og:image:width\" content=\"1920\" \/>\n\t<meta property=\"og:image:height\" content=\"1080\" \/>\n\t<meta property=\"og:image:type\" content=\"image\/png\" \/>\n<meta name=\"author\" content=\"asdujardin\" \/>\n<meta name=\"twitter:card\" content=\"summary_large_image\" \/>\n<meta name=\"twitter:label1\" content=\"Written by\" \/>\n\t<meta name=\"twitter:data1\" content=\"asdujardin\" \/>\n\t<meta name=\"twitter:label2\" content=\"Est. reading time\" \/>\n\t<meta name=\"twitter:data2\" content=\"4 minutes\" \/>\n<script type=\"application\/ld+json\" class=\"yoast-schema-graph\">{\"@context\":\"https:\\\/\\\/schema.org\",\"@graph\":[{\"@type\":\"Article\",\"@id\":\"https:\\\/\\\/damartex.com\\\/en\\\/results-for-the-2022-2023-financial-year\\\/#article\",\"isPartOf\":{\"@id\":\"https:\\\/\\\/damartex.com\\\/en\\\/results-for-the-2022-2023-financial-year\\\/\"},\"author\":{\"name\":\"asdujardin\",\"@id\":\"https:\\\/\\\/damartex.com\\\/#\\\/schema\\\/person\\\/7bffe9b9852398db7531bc5ce0216925\"},\"headline\":\"Results for the 2022\\\/2023 Financial Year\",\"datePublished\":\"2023-09-05T16:12:01+00:00\",\"dateModified\":\"2023-09-05T16:27:15+00:00\",\"mainEntityOfPage\":{\"@id\":\"https:\\\/\\\/damartex.com\\\/en\\\/results-for-the-2022-2023-financial-year\\\/\"},\"wordCount\":692,\"commentCount\":0,\"publisher\":{\"@id\":\"https:\\\/\\\/damartex.com\\\/#organization\"},\"image\":{\"@id\":\"https:\\\/\\\/damartex.com\\\/en\\\/results-for-the-2022-2023-financial-year\\\/#primaryimage\"},\"thumbnailUrl\":\"https:\\\/\\\/damartex.com\\\/assets\\\/uploads\\\/2022\\\/01\\\/Sans-titre-2022-01-20T180655.356.png\",\"inLanguage\":\"en-US\",\"potentialAction\":[{\"@type\":\"CommentAction\",\"name\":\"Comment\",\"target\":[\"https:\\\/\\\/damartex.com\\\/en\\\/results-for-the-2022-2023-financial-year\\\/#respond\"]}]},{\"@type\":\"WebPage\",\"@id\":\"https:\\\/\\\/damartex.com\\\/en\\\/results-for-the-2022-2023-financial-year\\\/\",\"url\":\"https:\\\/\\\/damartex.com\\\/en\\\/results-for-the-2022-2023-financial-year\\\/\",\"name\":\"Results for the 2022\\\/2023 Financial Year - Damartex\",\"isPartOf\":{\"@id\":\"https:\\\/\\\/damartex.com\\\/#website\"},\"primaryImageOfPage\":{\"@id\":\"https:\\\/\\\/damartex.com\\\/en\\\/results-for-the-2022-2023-financial-year\\\/#primaryimage\"},\"image\":{\"@id\":\"https:\\\/\\\/damartex.com\\\/en\\\/results-for-the-2022-2023-financial-year\\\/#primaryimage\"},\"thumbnailUrl\":\"https:\\\/\\\/damartex.com\\\/assets\\\/uploads\\\/2022\\\/01\\\/Sans-titre-2022-01-20T180655.356.png\",\"datePublished\":\"2023-09-05T16:12:01+00:00\",\"dateModified\":\"2023-09-05T16:27:15+00:00\",\"breadcrumb\":{\"@id\":\"https:\\\/\\\/damartex.com\\\/en\\\/results-for-the-2022-2023-financial-year\\\/#breadcrumb\"},\"inLanguage\":\"en-US\",\"potentialAction\":[{\"@type\":\"ReadAction\",\"target\":[\"https:\\\/\\\/damartex.com\\\/en\\\/results-for-the-2022-2023-financial-year\\\/\"]}]},{\"@type\":\"ImageObject\",\"inLanguage\":\"en-US\",\"@id\":\"https:\\\/\\\/damartex.com\\\/en\\\/results-for-the-2022-2023-financial-year\\\/#primaryimage\",\"url\":\"https:\\\/\\\/damartex.com\\\/assets\\\/uploads\\\/2022\\\/01\\\/Sans-titre-2022-01-20T180655.356.png\",\"contentUrl\":\"https:\\\/\\\/damartex.com\\\/assets\\\/uploads\\\/2022\\\/01\\\/Sans-titre-2022-01-20T180655.356.png\",\"width\":1920,\"height\":1080},{\"@type\":\"BreadcrumbList\",\"@id\":\"https:\\\/\\\/damartex.com\\\/en\\\/results-for-the-2022-2023-financial-year\\\/#breadcrumb\",\"itemListElement\":[{\"@type\":\"ListItem\",\"position\":1,\"name\":\"Home\",\"item\":\"https:\\\/\\\/damartex.com\\\/en\\\/\"},{\"@type\":\"ListItem\",\"position\":2,\"name\":\"Results for the 2022\\\/2023 Financial Year\"}]},{\"@type\":\"WebSite\",\"@id\":\"https:\\\/\\\/damartex.com\\\/#website\",\"url\":\"https:\\\/\\\/damartex.com\\\/\",\"name\":\"Damartex\",\"description\":\"Damartex regroupe neuf enseignes : Damart, Afibel, Xandres pour le p\u00f4le \u00ab Textile \u00bb, 3Pagen, Vitrine Magique, Coopers of Stortford, pour le p\u00f4le &quot;Home and Lifestyle&quot;, Sant\u00e9ol, MSant\u00e9 et Almadia pour le p\u00f4le &quot;Sant\u00e9&quot;\",\"publisher\":{\"@id\":\"https:\\\/\\\/damartex.com\\\/#organization\"},\"potentialAction\":[{\"@type\":\"SearchAction\",\"target\":{\"@type\":\"EntryPoint\",\"urlTemplate\":\"https:\\\/\\\/damartex.com\\\/?s={search_term_string}\"},\"query-input\":{\"@type\":\"PropertyValueSpecification\",\"valueRequired\":true,\"valueName\":\"search_term_string\"}}],\"inLanguage\":\"en-US\"},{\"@type\":\"Organization\",\"@id\":\"https:\\\/\\\/damartex.com\\\/#organization\",\"name\":\"Damartex\",\"url\":\"https:\\\/\\\/damartex.com\\\/\",\"logo\":{\"@type\":\"ImageObject\",\"inLanguage\":\"en-US\",\"@id\":\"https:\\\/\\\/damartex.com\\\/#\\\/schema\\\/logo\\\/image\\\/\",\"url\":\"https:\\\/\\\/damartex.com\\\/assets\\\/uploads\\\/2020\\\/02\\\/logo.png\",\"contentUrl\":\"https:\\\/\\\/damartex.com\\\/assets\\\/uploads\\\/2020\\\/02\\\/logo.png\",\"width\":451,\"height\":184,\"caption\":\"Damartex\"},\"image\":{\"@id\":\"https:\\\/\\\/damartex.com\\\/#\\\/schema\\\/logo\\\/image\\\/\"},\"sameAs\":[\"https:\\\/\\\/www.linkedin.com\\\/company\\\/groupe-damartex\\\/\"]},{\"@type\":\"Person\",\"@id\":\"https:\\\/\\\/damartex.com\\\/#\\\/schema\\\/person\\\/7bffe9b9852398db7531bc5ce0216925\",\"name\":\"asdujardin\",\"image\":{\"@type\":\"ImageObject\",\"inLanguage\":\"en-US\",\"@id\":\"https:\\\/\\\/secure.gravatar.com\\\/avatar\\\/93b0b2ee34edfadfe128766f09ac15e8a437e698977db2e49533aeee99b0ab1e?s=96&d=mm&r=g\",\"url\":\"https:\\\/\\\/secure.gravatar.com\\\/avatar\\\/93b0b2ee34edfadfe128766f09ac15e8a437e698977db2e49533aeee99b0ab1e?s=96&d=mm&r=g\",\"contentUrl\":\"https:\\\/\\\/secure.gravatar.com\\\/avatar\\\/93b0b2ee34edfadfe128766f09ac15e8a437e698977db2e49533aeee99b0ab1e?s=96&d=mm&r=g\",\"caption\":\"asdujardin\"}}]}<\/script>\n<!-- \/ Yoast SEO plugin. -->","yoast_head_json":{"title":"Results for the 2022\/2023 Financial Year - Damartex","robots":{"index":"index","follow":"follow","max-snippet":"max-snippet:-1","max-image-preview":"max-image-preview:large","max-video-preview":"max-video-preview:-1"},"canonical":"https:\/\/damartex.com\/en\/results-for-the-2022-2023-financial-year\/","og_locale":"en_US","og_type":"article","og_title":"Results for the 2022\/2023 Financial Year - Damartex","og_description":"A Year Dedicated to Securing the Group&#8217;s Future. Launch of the New Strategic Plan BUSINESS Damartex ended the 2022\/23 financial year with sales of \u20ac650.4 Mn, down on the previous year (-9.5% at actual exchange rates, -9.0% at like-for-like exchange rates), still impacted by the unfavourable macroeconomic environment and the contraction in consumption observed in [&hellip;]","og_url":"https:\/\/damartex.com\/en\/results-for-the-2022-2023-financial-year\/","og_site_name":"Damartex","article_published_time":"2023-09-05T16:12:01+00:00","article_modified_time":"2023-09-05T16:27:15+00:00","og_image":[{"width":1920,"height":1080,"url":"https:\/\/damartex.com\/assets\/uploads\/2022\/01\/Sans-titre-2022-01-20T180655.356.png","type":"image\/png"}],"author":"asdujardin","twitter_card":"summary_large_image","twitter_misc":{"Written by":"asdujardin","Est. reading time":"4 minutes"},"schema":{"@context":"https:\/\/schema.org","@graph":[{"@type":"Article","@id":"https:\/\/damartex.com\/en\/results-for-the-2022-2023-financial-year\/#article","isPartOf":{"@id":"https:\/\/damartex.com\/en\/results-for-the-2022-2023-financial-year\/"},"author":{"name":"asdujardin","@id":"https:\/\/damartex.com\/#\/schema\/person\/7bffe9b9852398db7531bc5ce0216925"},"headline":"Results for the 2022\/2023 Financial Year","datePublished":"2023-09-05T16:12:01+00:00","dateModified":"2023-09-05T16:27:15+00:00","mainEntityOfPage":{"@id":"https:\/\/damartex.com\/en\/results-for-the-2022-2023-financial-year\/"},"wordCount":692,"commentCount":0,"publisher":{"@id":"https:\/\/damartex.com\/#organization"},"image":{"@id":"https:\/\/damartex.com\/en\/results-for-the-2022-2023-financial-year\/#primaryimage"},"thumbnailUrl":"https:\/\/damartex.com\/assets\/uploads\/2022\/01\/Sans-titre-2022-01-20T180655.356.png","inLanguage":"en-US","potentialAction":[{"@type":"CommentAction","name":"Comment","target":["https:\/\/damartex.com\/en\/results-for-the-2022-2023-financial-year\/#respond"]}]},{"@type":"WebPage","@id":"https:\/\/damartex.com\/en\/results-for-the-2022-2023-financial-year\/","url":"https:\/\/damartex.com\/en\/results-for-the-2022-2023-financial-year\/","name":"Results for the 2022\/2023 Financial Year - Damartex","isPartOf":{"@id":"https:\/\/damartex.com\/#website"},"primaryImageOfPage":{"@id":"https:\/\/damartex.com\/en\/results-for-the-2022-2023-financial-year\/#primaryimage"},"image":{"@id":"https:\/\/damartex.com\/en\/results-for-the-2022-2023-financial-year\/#primaryimage"},"thumbnailUrl":"https:\/\/damartex.com\/assets\/uploads\/2022\/01\/Sans-titre-2022-01-20T180655.356.png","datePublished":"2023-09-05T16:12:01+00:00","dateModified":"2023-09-05T16:27:15+00:00","breadcrumb":{"@id":"https:\/\/damartex.com\/en\/results-for-the-2022-2023-financial-year\/#breadcrumb"},"inLanguage":"en-US","potentialAction":[{"@type":"ReadAction","target":["https:\/\/damartex.com\/en\/results-for-the-2022-2023-financial-year\/"]}]},{"@type":"ImageObject","inLanguage":"en-US","@id":"https:\/\/damartex.com\/en\/results-for-the-2022-2023-financial-year\/#primaryimage","url":"https:\/\/damartex.com\/assets\/uploads\/2022\/01\/Sans-titre-2022-01-20T180655.356.png","contentUrl":"https:\/\/damartex.com\/assets\/uploads\/2022\/01\/Sans-titre-2022-01-20T180655.356.png","width":1920,"height":1080},{"@type":"BreadcrumbList","@id":"https:\/\/damartex.com\/en\/results-for-the-2022-2023-financial-year\/#breadcrumb","itemListElement":[{"@type":"ListItem","position":1,"name":"Home","item":"https:\/\/damartex.com\/en\/"},{"@type":"ListItem","position":2,"name":"Results for the 2022\/2023 Financial Year"}]},{"@type":"WebSite","@id":"https:\/\/damartex.com\/#website","url":"https:\/\/damartex.com\/","name":"Damartex","description":"Damartex regroupe neuf enseignes : Damart, Afibel, Xandres pour le p\u00f4le \u00ab Textile \u00bb, 3Pagen, Vitrine Magique, Coopers of Stortford, pour le p\u00f4le &quot;Home and Lifestyle&quot;, Sant\u00e9ol, MSant\u00e9 et Almadia pour le p\u00f4le &quot;Sant\u00e9&quot;","publisher":{"@id":"https:\/\/damartex.com\/#organization"},"potentialAction":[{"@type":"SearchAction","target":{"@type":"EntryPoint","urlTemplate":"https:\/\/damartex.com\/?s={search_term_string}"},"query-input":{"@type":"PropertyValueSpecification","valueRequired":true,"valueName":"search_term_string"}}],"inLanguage":"en-US"},{"@type":"Organization","@id":"https:\/\/damartex.com\/#organization","name":"Damartex","url":"https:\/\/damartex.com\/","logo":{"@type":"ImageObject","inLanguage":"en-US","@id":"https:\/\/damartex.com\/#\/schema\/logo\/image\/","url":"https:\/\/damartex.com\/assets\/uploads\/2020\/02\/logo.png","contentUrl":"https:\/\/damartex.com\/assets\/uploads\/2020\/02\/logo.png","width":451,"height":184,"caption":"Damartex"},"image":{"@id":"https:\/\/damartex.com\/#\/schema\/logo\/image\/"},"sameAs":["https:\/\/www.linkedin.com\/company\/groupe-damartex\/"]},{"@type":"Person","@id":"https:\/\/damartex.com\/#\/schema\/person\/7bffe9b9852398db7531bc5ce0216925","name":"asdujardin","image":{"@type":"ImageObject","inLanguage":"en-US","@id":"https:\/\/secure.gravatar.com\/avatar\/93b0b2ee34edfadfe128766f09ac15e8a437e698977db2e49533aeee99b0ab1e?s=96&d=mm&r=g","url":"https:\/\/secure.gravatar.com\/avatar\/93b0b2ee34edfadfe128766f09ac15e8a437e698977db2e49533aeee99b0ab1e?s=96&d=mm&r=g","contentUrl":"https:\/\/secure.gravatar.com\/avatar\/93b0b2ee34edfadfe128766f09ac15e8a437e698977db2e49533aeee99b0ab1e?s=96&d=mm&r=g","caption":"asdujardin"}}]}},"_links":{"self":[{"href":"https:\/\/damartex.com\/en\/wp-json\/wp\/v2\/posts\/5596","targetHints":{"allow":["GET"]}}],"collection":[{"href":"https:\/\/damartex.com\/en\/wp-json\/wp\/v2\/posts"}],"about":[{"href":"https:\/\/damartex.com\/en\/wp-json\/wp\/v2\/types\/post"}],"author":[{"embeddable":true,"href":"https:\/\/damartex.com\/en\/wp-json\/wp\/v2\/users\/2"}],"replies":[{"embeddable":true,"href":"https:\/\/damartex.com\/en\/wp-json\/wp\/v2\/comments?post=5596"}],"version-history":[{"count":3,"href":"https:\/\/damartex.com\/en\/wp-json\/wp\/v2\/posts\/5596\/revisions"}],"predecessor-version":[{"id":5607,"href":"https:\/\/damartex.com\/en\/wp-json\/wp\/v2\/posts\/5596\/revisions\/5607"}],"wp:featuredmedia":[{"embeddable":true,"href":"https:\/\/damartex.com\/en\/wp-json\/wp\/v2\/media\/4562"}],"wp:attachment":[{"href":"https:\/\/damartex.com\/en\/wp-json\/wp\/v2\/media?parent=5596"}],"wp:term":[{"taxonomy":"category","embeddable":true,"href":"https:\/\/damartex.com\/en\/wp-json\/wp\/v2\/categories?post=5596"},{"taxonomy":"post_tag","embeddable":true,"href":"https:\/\/damartex.com\/en\/wp-json\/wp\/v2\/tags?post=5596"}],"curies":[{"name":"wp","href":"https:\/\/api.w.org\/{rel}","templated":true}]}}