{"id":4700,"date":"2022-03-01T09:37:31","date_gmt":"2022-03-01T08:37:31","guid":{"rendered":"https:\/\/damartex.com\/?p=4700"},"modified":"2022-03-01T09:37:33","modified_gmt":"2022-03-01T08:37:33","slug":"acquisition-of-the-company-perf-r","status":"publish","type":"post","link":"https:\/\/damartex.com\/en\/acquisition-of-the-company-perf-r\/","title":{"rendered":"Acquisition of the company PERF R"},"content":{"rendered":"\n<p>As part of its &#8220;Transform To Accelerate &#8211; TTA 2.0&#8221; transformation plan, the Damartex group announces the acquisition of 100% of the shares of the company Perf R by the company Sant\u00e9ol \u00eele de France.<\/p>\n\n\n\n<p>The company Perf R, a home health care provider specialising in respiratory assistance, is based in Palaiseau in Ile-de-France.<\/p>\n\n\n\n<p>Perf R was founded in 2011 by Kader Abdellaoui. The entity has achieved a turnover of nearly \u20ac0.8M in 2021 thanks to the trust of 1,100 patients who recognise the quality of service and the responsiveness of the teams in place.<\/p>\n\n\n\n<p>This merger will strengthen Sant\u00e9ol&#8217;s presence in the Paris region. The Croissy-sur-Seine branch will host the Perf R teams.<\/p>\n\n\n\n<p>Given his experience in the profession, Kader Abdellaoui will take over the commercial management of Sant\u00e9ol in France. The integration of Perf R in the accounts of the Damartex group will take place as of 1 January 2022.<\/p>\n","protected":false},"excerpt":{"rendered":"<p>As part of its &#8220;Transform To Accelerate &#8211; TTA 2.0&#8221; transformation plan, the Damartex group announces the acquisition of 100% of the shares of the company Perf R by the company Sant\u00e9ol \u00eele de France. The company Perf R, a home health care provider specialising in respiratory assistance, is based in Palaiseau in Ile-de-France. Perf [&hellip;]<\/p>\n","protected":false},"author":2,"featured_media":4698,"comment_status":"open","ping_status":"open","sticky":false,"template":"","format":"standard","meta":{"_acf_changed":false,"footnotes":""},"categories":[12],"tags":[],"class_list":["post-4700","post","type-post","status-publish","format-standard","has-post-thumbnail","hentry","category-uncategorized"],"acf":[],"yoast_head":"<!-- This site is optimized with the Yoast SEO plugin v27.5 - https:\/\/yoast.com\/product\/yoast-seo-wordpress\/ -->\n<title>Acquisition of the company PERF R - Damartex<\/title>\n<meta name=\"robots\" content=\"index, follow, max-snippet:-1, max-image-preview:large, max-video-preview:-1\" \/>\n<link rel=\"canonical\" href=\"https:\/\/damartex.com\/en\/acquisition-of-the-company-perf-r\/\" \/>\n<meta property=\"og:locale\" content=\"en_US\" \/>\n<meta property=\"og:type\" content=\"article\" \/>\n<meta property=\"og:title\" content=\"Acquisition of the company PERF R - Damartex\" \/>\n<meta property=\"og:description\" content=\"As part of its &#8220;Transform To Accelerate &#8211; TTA 2.0&#8221; transformation plan, the Damartex group announces the acquisition of 100% of the shares of the company Perf R by the company Sant\u00e9ol \u00eele de France. The company Perf R, a home health care provider specialising in respiratory assistance, is based in Palaiseau in Ile-de-France. Perf [&hellip;]\" \/>\n<meta property=\"og:url\" content=\"https:\/\/damartex.com\/en\/acquisition-of-the-company-perf-r\/\" \/>\n<meta property=\"og:site_name\" content=\"Damartex\" \/>\n<meta property=\"article:published_time\" content=\"2022-03-01T08:37:31+00:00\" \/>\n<meta property=\"article:modified_time\" content=\"2022-03-01T08:37:33+00:00\" \/>\n<meta property=\"og:image\" content=\"https:\/\/damartex.com\/assets\/uploads\/2022\/03\/AdobeStock_247260977-accord-scaled.jpeg\" \/>\n\t<meta property=\"og:image:width\" content=\"2560\" \/>\n\t<meta property=\"og:image:height\" content=\"1706\" \/>\n\t<meta property=\"og:image:type\" content=\"image\/jpeg\" \/>\n<meta name=\"author\" content=\"asdujardin\" \/>\n<meta name=\"twitter:card\" content=\"summary_large_image\" \/>\n<meta name=\"twitter:label1\" content=\"Written by\" \/>\n\t<meta name=\"twitter:data1\" content=\"asdujardin\" \/>\n\t<meta name=\"twitter:label2\" content=\"Est. reading time\" \/>\n\t<meta name=\"twitter:data2\" content=\"1 minute\" \/>\n<script type=\"application\/ld+json\" class=\"yoast-schema-graph\">{\"@context\":\"https:\\\/\\\/schema.org\",\"@graph\":[{\"@type\":\"Article\",\"@id\":\"https:\\\/\\\/damartex.com\\\/en\\\/acquisition-of-the-company-perf-r\\\/#article\",\"isPartOf\":{\"@id\":\"https:\\\/\\\/damartex.com\\\/en\\\/acquisition-of-the-company-perf-r\\\/\"},\"author\":{\"name\":\"asdujardin\",\"@id\":\"https:\\\/\\\/damartex.com\\\/#\\\/schema\\\/person\\\/7bffe9b9852398db7531bc5ce0216925\"},\"headline\":\"Acquisition of the company PERF R\",\"datePublished\":\"2022-03-01T08:37:31+00:00\",\"dateModified\":\"2022-03-01T08:37:33+00:00\",\"mainEntityOfPage\":{\"@id\":\"https:\\\/\\\/damartex.com\\\/en\\\/acquisition-of-the-company-perf-r\\\/\"},\"wordCount\":155,\"commentCount\":0,\"publisher\":{\"@id\":\"https:\\\/\\\/damartex.com\\\/#organization\"},\"image\":{\"@id\":\"https:\\\/\\\/damartex.com\\\/en\\\/acquisition-of-the-company-perf-r\\\/#primaryimage\"},\"thumbnailUrl\":\"https:\\\/\\\/damartex.com\\\/assets\\\/uploads\\\/2022\\\/03\\\/AdobeStock_247260977-accord-scaled.jpeg\",\"inLanguage\":\"en-US\",\"potentialAction\":[{\"@type\":\"CommentAction\",\"name\":\"Comment\",\"target\":[\"https:\\\/\\\/damartex.com\\\/en\\\/acquisition-of-the-company-perf-r\\\/#respond\"]}]},{\"@type\":\"WebPage\",\"@id\":\"https:\\\/\\\/damartex.com\\\/en\\\/acquisition-of-the-company-perf-r\\\/\",\"url\":\"https:\\\/\\\/damartex.com\\\/en\\\/acquisition-of-the-company-perf-r\\\/\",\"name\":\"Acquisition of the company PERF R - Damartex\",\"isPartOf\":{\"@id\":\"https:\\\/\\\/damartex.com\\\/#website\"},\"primaryImageOfPage\":{\"@id\":\"https:\\\/\\\/damartex.com\\\/en\\\/acquisition-of-the-company-perf-r\\\/#primaryimage\"},\"image\":{\"@id\":\"https:\\\/\\\/damartex.com\\\/en\\\/acquisition-of-the-company-perf-r\\\/#primaryimage\"},\"thumbnailUrl\":\"https:\\\/\\\/damartex.com\\\/assets\\\/uploads\\\/2022\\\/03\\\/AdobeStock_247260977-accord-scaled.jpeg\",\"datePublished\":\"2022-03-01T08:37:31+00:00\",\"dateModified\":\"2022-03-01T08:37:33+00:00\",\"breadcrumb\":{\"@id\":\"https:\\\/\\\/damartex.com\\\/en\\\/acquisition-of-the-company-perf-r\\\/#breadcrumb\"},\"inLanguage\":\"en-US\",\"potentialAction\":[{\"@type\":\"ReadAction\",\"target\":[\"https:\\\/\\\/damartex.com\\\/en\\\/acquisition-of-the-company-perf-r\\\/\"]}]},{\"@type\":\"ImageObject\",\"inLanguage\":\"en-US\",\"@id\":\"https:\\\/\\\/damartex.com\\\/en\\\/acquisition-of-the-company-perf-r\\\/#primaryimage\",\"url\":\"https:\\\/\\\/damartex.com\\\/assets\\\/uploads\\\/2022\\\/03\\\/AdobeStock_247260977-accord-scaled.jpeg\",\"contentUrl\":\"https:\\\/\\\/damartex.com\\\/assets\\\/uploads\\\/2022\\\/03\\\/AdobeStock_247260977-accord-scaled.jpeg\",\"width\":2560,\"height\":1706,\"caption\":\"Two businessmen handshaking in meeting after final project agreement deal done.\"},{\"@type\":\"BreadcrumbList\",\"@id\":\"https:\\\/\\\/damartex.com\\\/en\\\/acquisition-of-the-company-perf-r\\\/#breadcrumb\",\"itemListElement\":[{\"@type\":\"ListItem\",\"position\":1,\"name\":\"Home\",\"item\":\"https:\\\/\\\/damartex.com\\\/en\\\/\"},{\"@type\":\"ListItem\",\"position\":2,\"name\":\"Acquisition of the company PERF R\"}]},{\"@type\":\"WebSite\",\"@id\":\"https:\\\/\\\/damartex.com\\\/#website\",\"url\":\"https:\\\/\\\/damartex.com\\\/\",\"name\":\"Damartex\",\"description\":\"Damartex regroupe neuf enseignes : Damart, Afibel, Xandres pour le p\u00f4le \u00ab Textile \u00bb, 3Pagen, Vitrine Magique, Coopers of Stortford, pour le p\u00f4le &quot;Home and Lifestyle&quot;, Sant\u00e9ol, MSant\u00e9 et Almadia pour le p\u00f4le &quot;Sant\u00e9&quot;\",\"publisher\":{\"@id\":\"https:\\\/\\\/damartex.com\\\/#organization\"},\"potentialAction\":[{\"@type\":\"SearchAction\",\"target\":{\"@type\":\"EntryPoint\",\"urlTemplate\":\"https:\\\/\\\/damartex.com\\\/?s={search_term_string}\"},\"query-input\":{\"@type\":\"PropertyValueSpecification\",\"valueRequired\":true,\"valueName\":\"search_term_string\"}}],\"inLanguage\":\"en-US\"},{\"@type\":\"Organization\",\"@id\":\"https:\\\/\\\/damartex.com\\\/#organization\",\"name\":\"Damartex\",\"url\":\"https:\\\/\\\/damartex.com\\\/\",\"logo\":{\"@type\":\"ImageObject\",\"inLanguage\":\"en-US\",\"@id\":\"https:\\\/\\\/damartex.com\\\/#\\\/schema\\\/logo\\\/image\\\/\",\"url\":\"https:\\\/\\\/damartex.com\\\/assets\\\/uploads\\\/2020\\\/02\\\/logo.png\",\"contentUrl\":\"https:\\\/\\\/damartex.com\\\/assets\\\/uploads\\\/2020\\\/02\\\/logo.png\",\"width\":451,\"height\":184,\"caption\":\"Damartex\"},\"image\":{\"@id\":\"https:\\\/\\\/damartex.com\\\/#\\\/schema\\\/logo\\\/image\\\/\"},\"sameAs\":[\"https:\\\/\\\/www.linkedin.com\\\/company\\\/groupe-damartex\\\/\"]},{\"@type\":\"Person\",\"@id\":\"https:\\\/\\\/damartex.com\\\/#\\\/schema\\\/person\\\/7bffe9b9852398db7531bc5ce0216925\",\"name\":\"asdujardin\",\"image\":{\"@type\":\"ImageObject\",\"inLanguage\":\"en-US\",\"@id\":\"https:\\\/\\\/secure.gravatar.com\\\/avatar\\\/93b0b2ee34edfadfe128766f09ac15e8a437e698977db2e49533aeee99b0ab1e?s=96&d=mm&r=g\",\"url\":\"https:\\\/\\\/secure.gravatar.com\\\/avatar\\\/93b0b2ee34edfadfe128766f09ac15e8a437e698977db2e49533aeee99b0ab1e?s=96&d=mm&r=g\",\"contentUrl\":\"https:\\\/\\\/secure.gravatar.com\\\/avatar\\\/93b0b2ee34edfadfe128766f09ac15e8a437e698977db2e49533aeee99b0ab1e?s=96&d=mm&r=g\",\"caption\":\"asdujardin\"}}]}<\/script>\n<!-- \/ Yoast SEO plugin. -->","yoast_head_json":{"title":"Acquisition of the company PERF R - Damartex","robots":{"index":"index","follow":"follow","max-snippet":"max-snippet:-1","max-image-preview":"max-image-preview:large","max-video-preview":"max-video-preview:-1"},"canonical":"https:\/\/damartex.com\/en\/acquisition-of-the-company-perf-r\/","og_locale":"en_US","og_type":"article","og_title":"Acquisition of the company PERF R - Damartex","og_description":"As part of its &#8220;Transform To Accelerate &#8211; TTA 2.0&#8221; transformation plan, the Damartex group announces the acquisition of 100% of the shares of the company Perf R by the company Sant\u00e9ol \u00eele de France. The company Perf R, a home health care provider specialising in respiratory assistance, is based in Palaiseau in Ile-de-France. Perf [&hellip;]","og_url":"https:\/\/damartex.com\/en\/acquisition-of-the-company-perf-r\/","og_site_name":"Damartex","article_published_time":"2022-03-01T08:37:31+00:00","article_modified_time":"2022-03-01T08:37:33+00:00","og_image":[{"width":2560,"height":1706,"url":"https:\/\/damartex.com\/assets\/uploads\/2022\/03\/AdobeStock_247260977-accord-scaled.jpeg","type":"image\/jpeg"}],"author":"asdujardin","twitter_card":"summary_large_image","twitter_misc":{"Written by":"asdujardin","Est. reading time":"1 minute"},"schema":{"@context":"https:\/\/schema.org","@graph":[{"@type":"Article","@id":"https:\/\/damartex.com\/en\/acquisition-of-the-company-perf-r\/#article","isPartOf":{"@id":"https:\/\/damartex.com\/en\/acquisition-of-the-company-perf-r\/"},"author":{"name":"asdujardin","@id":"https:\/\/damartex.com\/#\/schema\/person\/7bffe9b9852398db7531bc5ce0216925"},"headline":"Acquisition of the company PERF R","datePublished":"2022-03-01T08:37:31+00:00","dateModified":"2022-03-01T08:37:33+00:00","mainEntityOfPage":{"@id":"https:\/\/damartex.com\/en\/acquisition-of-the-company-perf-r\/"},"wordCount":155,"commentCount":0,"publisher":{"@id":"https:\/\/damartex.com\/#organization"},"image":{"@id":"https:\/\/damartex.com\/en\/acquisition-of-the-company-perf-r\/#primaryimage"},"thumbnailUrl":"https:\/\/damartex.com\/assets\/uploads\/2022\/03\/AdobeStock_247260977-accord-scaled.jpeg","inLanguage":"en-US","potentialAction":[{"@type":"CommentAction","name":"Comment","target":["https:\/\/damartex.com\/en\/acquisition-of-the-company-perf-r\/#respond"]}]},{"@type":"WebPage","@id":"https:\/\/damartex.com\/en\/acquisition-of-the-company-perf-r\/","url":"https:\/\/damartex.com\/en\/acquisition-of-the-company-perf-r\/","name":"Acquisition of the company PERF R - Damartex","isPartOf":{"@id":"https:\/\/damartex.com\/#website"},"primaryImageOfPage":{"@id":"https:\/\/damartex.com\/en\/acquisition-of-the-company-perf-r\/#primaryimage"},"image":{"@id":"https:\/\/damartex.com\/en\/acquisition-of-the-company-perf-r\/#primaryimage"},"thumbnailUrl":"https:\/\/damartex.com\/assets\/uploads\/2022\/03\/AdobeStock_247260977-accord-scaled.jpeg","datePublished":"2022-03-01T08:37:31+00:00","dateModified":"2022-03-01T08:37:33+00:00","breadcrumb":{"@id":"https:\/\/damartex.com\/en\/acquisition-of-the-company-perf-r\/#breadcrumb"},"inLanguage":"en-US","potentialAction":[{"@type":"ReadAction","target":["https:\/\/damartex.com\/en\/acquisition-of-the-company-perf-r\/"]}]},{"@type":"ImageObject","inLanguage":"en-US","@id":"https:\/\/damartex.com\/en\/acquisition-of-the-company-perf-r\/#primaryimage","url":"https:\/\/damartex.com\/assets\/uploads\/2022\/03\/AdobeStock_247260977-accord-scaled.jpeg","contentUrl":"https:\/\/damartex.com\/assets\/uploads\/2022\/03\/AdobeStock_247260977-accord-scaled.jpeg","width":2560,"height":1706,"caption":"Two businessmen handshaking in meeting after final project agreement deal done."},{"@type":"BreadcrumbList","@id":"https:\/\/damartex.com\/en\/acquisition-of-the-company-perf-r\/#breadcrumb","itemListElement":[{"@type":"ListItem","position":1,"name":"Home","item":"https:\/\/damartex.com\/en\/"},{"@type":"ListItem","position":2,"name":"Acquisition of the company PERF R"}]},{"@type":"WebSite","@id":"https:\/\/damartex.com\/#website","url":"https:\/\/damartex.com\/","name":"Damartex","description":"Damartex regroupe neuf enseignes : Damart, Afibel, Xandres pour le p\u00f4le \u00ab Textile \u00bb, 3Pagen, Vitrine Magique, Coopers of Stortford, pour le p\u00f4le &quot;Home and Lifestyle&quot;, Sant\u00e9ol, MSant\u00e9 et Almadia pour le p\u00f4le &quot;Sant\u00e9&quot;","publisher":{"@id":"https:\/\/damartex.com\/#organization"},"potentialAction":[{"@type":"SearchAction","target":{"@type":"EntryPoint","urlTemplate":"https:\/\/damartex.com\/?s={search_term_string}"},"query-input":{"@type":"PropertyValueSpecification","valueRequired":true,"valueName":"search_term_string"}}],"inLanguage":"en-US"},{"@type":"Organization","@id":"https:\/\/damartex.com\/#organization","name":"Damartex","url":"https:\/\/damartex.com\/","logo":{"@type":"ImageObject","inLanguage":"en-US","@id":"https:\/\/damartex.com\/#\/schema\/logo\/image\/","url":"https:\/\/damartex.com\/assets\/uploads\/2020\/02\/logo.png","contentUrl":"https:\/\/damartex.com\/assets\/uploads\/2020\/02\/logo.png","width":451,"height":184,"caption":"Damartex"},"image":{"@id":"https:\/\/damartex.com\/#\/schema\/logo\/image\/"},"sameAs":["https:\/\/www.linkedin.com\/company\/groupe-damartex\/"]},{"@type":"Person","@id":"https:\/\/damartex.com\/#\/schema\/person\/7bffe9b9852398db7531bc5ce0216925","name":"asdujardin","image":{"@type":"ImageObject","inLanguage":"en-US","@id":"https:\/\/secure.gravatar.com\/avatar\/93b0b2ee34edfadfe128766f09ac15e8a437e698977db2e49533aeee99b0ab1e?s=96&d=mm&r=g","url":"https:\/\/secure.gravatar.com\/avatar\/93b0b2ee34edfadfe128766f09ac15e8a437e698977db2e49533aeee99b0ab1e?s=96&d=mm&r=g","contentUrl":"https:\/\/secure.gravatar.com\/avatar\/93b0b2ee34edfadfe128766f09ac15e8a437e698977db2e49533aeee99b0ab1e?s=96&d=mm&r=g","caption":"asdujardin"}}]}},"_links":{"self":[{"href":"https:\/\/damartex.com\/en\/wp-json\/wp\/v2\/posts\/4700","targetHints":{"allow":["GET"]}}],"collection":[{"href":"https:\/\/damartex.com\/en\/wp-json\/wp\/v2\/posts"}],"about":[{"href":"https:\/\/damartex.com\/en\/wp-json\/wp\/v2\/types\/post"}],"author":[{"embeddable":true,"href":"https:\/\/damartex.com\/en\/wp-json\/wp\/v2\/users\/2"}],"replies":[{"embeddable":true,"href":"https:\/\/damartex.com\/en\/wp-json\/wp\/v2\/comments?post=4700"}],"version-history":[{"count":1,"href":"https:\/\/damartex.com\/en\/wp-json\/wp\/v2\/posts\/4700\/revisions"}],"predecessor-version":[{"id":4701,"href":"https:\/\/damartex.com\/en\/wp-json\/wp\/v2\/posts\/4700\/revisions\/4701"}],"wp:featuredmedia":[{"embeddable":true,"href":"https:\/\/damartex.com\/en\/wp-json\/wp\/v2\/media\/4698"}],"wp:attachment":[{"href":"https:\/\/damartex.com\/en\/wp-json\/wp\/v2\/media?parent=4700"}],"wp:term":[{"taxonomy":"category","embeddable":true,"href":"https:\/\/damartex.com\/en\/wp-json\/wp\/v2\/categories?post=4700"},{"taxonomy":"post_tag","embeddable":true,"href":"https:\/\/damartex.com\/en\/wp-json\/wp\/v2\/tags?post=4700"}],"curies":[{"name":"wp","href":"https:\/\/api.w.org\/{rel}","templated":true}]}}