{"id":2799,"date":"2020-06-10T17:32:00","date_gmt":"2020-06-10T15:32:00","guid":{"rendered":"https:\/\/damartex.com\/?p=2799"},"modified":"2020-06-10T17:42:00","modified_gmt":"2020-06-10T15:42:00","slug":"extraordinary-general-meeting-in-camera","status":"publish","type":"post","link":"https:\/\/damartex.com\/en\/extraordinary-general-meeting-in-camera\/","title":{"rendered":"Extraordinary General Meeting in Camera"},"content":{"rendered":"\n<figure class=\"wp-block-image size-large\"><a href=\"https:\/\/damartex.com\/assets\/uploads\/2020\/06\/Press-release-Damartex-extraordinary-general-meeting-English-version.pdf\"><img fetchpriority=\"high\" decoding=\"async\" width=\"1024\" height=\"170\" src=\"https:\/\/damartex.com\/assets\/uploads\/2020\/06\/Bienvenue-chez-DSB-10-1024x170.png\" alt=\"\" class=\"wp-image-2801\" srcset=\"https:\/\/damartex.com\/assets\/uploads\/2020\/06\/Bienvenue-chez-DSB-10-1024x170.png 1024w, https:\/\/damartex.com\/assets\/uploads\/2020\/06\/Bienvenue-chez-DSB-10-300x50.png 300w, https:\/\/damartex.com\/assets\/uploads\/2020\/06\/Bienvenue-chez-DSB-10-768x127.png 768w, https:\/\/damartex.com\/assets\/uploads\/2020\/06\/Bienvenue-chez-DSB-10-1536x255.png 1536w, https:\/\/damartex.com\/assets\/uploads\/2020\/06\/Bienvenue-chez-DSB-10.png 2000w\" sizes=\"(max-width: 1024px) 100vw, 1024px\" \/><\/a><\/figure>\n\n\n\n<p>The Company&#8217;s shareholders are informed that an Extraordinary General Meeting will be held on Thursday 16 July 2020 at 2:30 pm.<\/p>\n\n\n\n<p><br>Against the backdrop of the Covid-19 epidemic and in compliance with health measures to contain the epidemic, the Management Board decided at its meeting of 28 May 2020 to hold its General Meeting in camera without the physical presence of shareholders at the Company&#8217;s headquarters.<\/p>\n\n\n\n<p><br>No admission card will be issued. Shareholders are invited to participate in the General Meeting by voting by mail, by giving a Power of Attorney to the Chairman of the General Meeting or by giving a proxy to a third party (in accordance with statutory provisions) by using the form provided for this purpose, which can be downloaded from the company&#8217;s website (www.damartex.com). <\/p>\n\n\n\n<p>The precise procedures for voting by mail or by proxy will be described in the prior notice and the notice of meeting.<br>The notice prior to the General Meeting, including the agenda and the draft resolutions to be submitted to the shareholders&#8217; vote, will be published in the Bulletin des Annonces L\u00e9gales et Obligatoires (BALO) on 10 June 2020. The notice of meeting will be published in the BALO on 1 July and in a legal gazette.<\/p>\n\n\n\n<p><br>On this occasion, the shareholders will be invited to vote on the completion of a proposed capital increase with preferential subscription rights as part of the &#8220;Transform To Accelerate 2.0 &#8221; strategic plan communicated today. Preparatory documents and information for the Meeting will be available for viewing and downloading from the Company&#8217;s website: <a href=\"https:\/\/damartex.com\/informations-reglementees\/\">https:\/\/damartex.com\/informations-reglementees\/<\/a><\/p>\n\n\n\n<p><span style=\"color:#9d2d83\" class=\"tadv-color\"><strong>PROFILE<\/strong><\/span><br>The Damartex Group, one of the leading European distributors for seniors, aims to become the European leader in the silver economy. It includes three divisions:<br>\u2022 &#8220;Fashion&#8221; &#8211; Damart, Afibel, La Maison du Jersey, Xandres<br>\u2022 &#8220;Home &amp; Lifestyle&#8221;, 3 Pagen, Vitrine Magique, Coopers of Stortford, Jours Heureux, Delaby<br>\u2022 &#8220;Healthcare&#8221;, Sedagyl and Sant\u00e9ol<br>The Group mainly operates in Europe, including in France, Great Britain, Belgium and Germany.<\/p>\n\n\n\n<p><br>www.damartex.com<\/p>\n\n\n\n<p><br><span style=\"color:#9d2d83\" class=\"tadv-color\"><strong>CONTACTS<\/strong><\/span><br><strong>Damartex<\/strong>: Bruno Defache<br>Tel: +33 3 20 11 45 30<br>bdefache@damartex.com<br><strong>Shan<\/strong>: Alexandre Daudin<br>Tel: +33 1 44 50 51 76<br>alexandre.daudin@shan.fr<\/p>\n","protected":false},"excerpt":{"rendered":"<p>The Company&#8217;s shareholders are informed that an Extraordinary General Meeting will be held on Thursday 16 July 2020 at 2:30 pm. Against the backdrop of the Covid-19 epidemic and in compliance with health measures to contain the epidemic, the Management Board decided at its meeting of 28 May 2020 to hold its General Meeting in [&hellip;]<\/p>\n","protected":false},"author":54,"featured_media":2783,"comment_status":"open","ping_status":"open","sticky":false,"template":"","format":"standard","meta":{"_acf_changed":false,"footnotes":""},"categories":[12],"tags":[],"class_list":["post-2799","post","type-post","status-publish","format-standard","has-post-thumbnail","hentry","category-uncategorized"],"acf":[],"yoast_head":"<!-- This site is optimized with the Yoast SEO plugin v27.5 - https:\/\/yoast.com\/product\/yoast-seo-wordpress\/ -->\n<title>Extraordinary General Meeting in Camera - Damartex<\/title>\n<meta name=\"robots\" content=\"index, follow, max-snippet:-1, max-image-preview:large, max-video-preview:-1\" \/>\n<link rel=\"canonical\" href=\"https:\/\/damartex.com\/en\/extraordinary-general-meeting-in-camera\/\" \/>\n<meta property=\"og:locale\" content=\"en_US\" \/>\n<meta property=\"og:type\" content=\"article\" \/>\n<meta property=\"og:title\" content=\"Extraordinary General Meeting in Camera - Damartex\" \/>\n<meta property=\"og:description\" content=\"The Company&#8217;s shareholders are informed that an Extraordinary General Meeting will be held on Thursday 16 July 2020 at 2:30 pm. Against the backdrop of the Covid-19 epidemic and in compliance with health measures to contain the epidemic, the Management Board decided at its meeting of 28 May 2020 to hold its General Meeting in [&hellip;]\" \/>\n<meta property=\"og:url\" content=\"https:\/\/damartex.com\/en\/extraordinary-general-meeting-in-camera\/\" \/>\n<meta property=\"og:site_name\" content=\"Damartex\" \/>\n<meta property=\"article:published_time\" content=\"2020-06-10T15:32:00+00:00\" \/>\n<meta property=\"article:modified_time\" content=\"2020-06-10T15:42:00+00:00\" \/>\n<meta property=\"og:image\" content=\"https:\/\/damartex.com\/assets\/uploads\/2020\/06\/103943106_609190839803701_1914628304877942837_n.jpg\" \/>\n\t<meta property=\"og:image:width\" content=\"828\" \/>\n\t<meta property=\"og:image:height\" content=\"452\" \/>\n\t<meta property=\"og:image:type\" content=\"image\/jpeg\" \/>\n<meta name=\"author\" content=\"Victoria LI VOI\" \/>\n<meta name=\"twitter:card\" content=\"summary_large_image\" \/>\n<meta name=\"twitter:label1\" content=\"Written by\" \/>\n\t<meta name=\"twitter:data1\" content=\"Victoria LI VOI\" \/>\n\t<meta name=\"twitter:label2\" content=\"Est. reading time\" \/>\n\t<meta name=\"twitter:data2\" content=\"2 minutes\" \/>\n<script type=\"application\/ld+json\" class=\"yoast-schema-graph\">{\"@context\":\"https:\\\/\\\/schema.org\",\"@graph\":[{\"@type\":\"Article\",\"@id\":\"https:\\\/\\\/damartex.com\\\/en\\\/extraordinary-general-meeting-in-camera\\\/#article\",\"isPartOf\":{\"@id\":\"https:\\\/\\\/damartex.com\\\/en\\\/extraordinary-general-meeting-in-camera\\\/\"},\"author\":{\"name\":\"Victoria LI VOI\",\"@id\":\"https:\\\/\\\/damartex.com\\\/#\\\/schema\\\/person\\\/78f1e3dbe62dd6c9b633541472c569af\"},\"headline\":\"Extraordinary General Meeting in Camera\",\"datePublished\":\"2020-06-10T15:32:00+00:00\",\"dateModified\":\"2020-06-10T15:42:00+00:00\",\"mainEntityOfPage\":{\"@id\":\"https:\\\/\\\/damartex.com\\\/en\\\/extraordinary-general-meeting-in-camera\\\/\"},\"wordCount\":347,\"commentCount\":0,\"publisher\":{\"@id\":\"https:\\\/\\\/damartex.com\\\/#organization\"},\"image\":{\"@id\":\"https:\\\/\\\/damartex.com\\\/en\\\/extraordinary-general-meeting-in-camera\\\/#primaryimage\"},\"thumbnailUrl\":\"https:\\\/\\\/damartex.com\\\/assets\\\/uploads\\\/2020\\\/06\\\/103943106_609190839803701_1914628304877942837_n.jpg\",\"inLanguage\":\"en-US\",\"potentialAction\":[{\"@type\":\"CommentAction\",\"name\":\"Comment\",\"target\":[\"https:\\\/\\\/damartex.com\\\/en\\\/extraordinary-general-meeting-in-camera\\\/#respond\"]}]},{\"@type\":\"WebPage\",\"@id\":\"https:\\\/\\\/damartex.com\\\/en\\\/extraordinary-general-meeting-in-camera\\\/\",\"url\":\"https:\\\/\\\/damartex.com\\\/en\\\/extraordinary-general-meeting-in-camera\\\/\",\"name\":\"Extraordinary General Meeting in Camera - Damartex\",\"isPartOf\":{\"@id\":\"https:\\\/\\\/damartex.com\\\/#website\"},\"primaryImageOfPage\":{\"@id\":\"https:\\\/\\\/damartex.com\\\/en\\\/extraordinary-general-meeting-in-camera\\\/#primaryimage\"},\"image\":{\"@id\":\"https:\\\/\\\/damartex.com\\\/en\\\/extraordinary-general-meeting-in-camera\\\/#primaryimage\"},\"thumbnailUrl\":\"https:\\\/\\\/damartex.com\\\/assets\\\/uploads\\\/2020\\\/06\\\/103943106_609190839803701_1914628304877942837_n.jpg\",\"datePublished\":\"2020-06-10T15:32:00+00:00\",\"dateModified\":\"2020-06-10T15:42:00+00:00\",\"breadcrumb\":{\"@id\":\"https:\\\/\\\/damartex.com\\\/en\\\/extraordinary-general-meeting-in-camera\\\/#breadcrumb\"},\"inLanguage\":\"en-US\",\"potentialAction\":[{\"@type\":\"ReadAction\",\"target\":[\"https:\\\/\\\/damartex.com\\\/en\\\/extraordinary-general-meeting-in-camera\\\/\"]}]},{\"@type\":\"ImageObject\",\"inLanguage\":\"en-US\",\"@id\":\"https:\\\/\\\/damartex.com\\\/en\\\/extraordinary-general-meeting-in-camera\\\/#primaryimage\",\"url\":\"https:\\\/\\\/damartex.com\\\/assets\\\/uploads\\\/2020\\\/06\\\/103943106_609190839803701_1914628304877942837_n.jpg\",\"contentUrl\":\"https:\\\/\\\/damartex.com\\\/assets\\\/uploads\\\/2020\\\/06\\\/103943106_609190839803701_1914628304877942837_n.jpg\",\"width\":828,\"height\":452},{\"@type\":\"BreadcrumbList\",\"@id\":\"https:\\\/\\\/damartex.com\\\/en\\\/extraordinary-general-meeting-in-camera\\\/#breadcrumb\",\"itemListElement\":[{\"@type\":\"ListItem\",\"position\":1,\"name\":\"Home\",\"item\":\"https:\\\/\\\/damartex.com\\\/en\\\/\"},{\"@type\":\"ListItem\",\"position\":2,\"name\":\"Extraordinary General Meeting in Camera\"}]},{\"@type\":\"WebSite\",\"@id\":\"https:\\\/\\\/damartex.com\\\/#website\",\"url\":\"https:\\\/\\\/damartex.com\\\/\",\"name\":\"Damartex\",\"description\":\"Damartex regroupe neuf enseignes : Damart, Afibel, Xandres pour le p\u00f4le \u00ab Textile \u00bb, 3Pagen, Vitrine Magique, Coopers of Stortford, pour le p\u00f4le &quot;Home and Lifestyle&quot;, Sant\u00e9ol, MSant\u00e9 et Almadia pour le p\u00f4le &quot;Sant\u00e9&quot;\",\"publisher\":{\"@id\":\"https:\\\/\\\/damartex.com\\\/#organization\"},\"potentialAction\":[{\"@type\":\"SearchAction\",\"target\":{\"@type\":\"EntryPoint\",\"urlTemplate\":\"https:\\\/\\\/damartex.com\\\/?s={search_term_string}\"},\"query-input\":{\"@type\":\"PropertyValueSpecification\",\"valueRequired\":true,\"valueName\":\"search_term_string\"}}],\"inLanguage\":\"en-US\"},{\"@type\":\"Organization\",\"@id\":\"https:\\\/\\\/damartex.com\\\/#organization\",\"name\":\"Damartex\",\"url\":\"https:\\\/\\\/damartex.com\\\/\",\"logo\":{\"@type\":\"ImageObject\",\"inLanguage\":\"en-US\",\"@id\":\"https:\\\/\\\/damartex.com\\\/#\\\/schema\\\/logo\\\/image\\\/\",\"url\":\"https:\\\/\\\/damartex.com\\\/assets\\\/uploads\\\/2020\\\/02\\\/logo.png\",\"contentUrl\":\"https:\\\/\\\/damartex.com\\\/assets\\\/uploads\\\/2020\\\/02\\\/logo.png\",\"width\":451,\"height\":184,\"caption\":\"Damartex\"},\"image\":{\"@id\":\"https:\\\/\\\/damartex.com\\\/#\\\/schema\\\/logo\\\/image\\\/\"},\"sameAs\":[\"https:\\\/\\\/www.linkedin.com\\\/company\\\/groupe-damartex\\\/\"]},{\"@type\":\"Person\",\"@id\":\"https:\\\/\\\/damartex.com\\\/#\\\/schema\\\/person\\\/78f1e3dbe62dd6c9b633541472c569af\",\"name\":\"Victoria LI VOI\",\"image\":{\"@type\":\"ImageObject\",\"inLanguage\":\"en-US\",\"@id\":\"https:\\\/\\\/secure.gravatar.com\\\/avatar\\\/a273aa7528406c55ee8e5d5c4417e265ad55b9e924ca8f74c56ccfc90befc949?s=96&d=mm&r=g\",\"url\":\"https:\\\/\\\/secure.gravatar.com\\\/avatar\\\/a273aa7528406c55ee8e5d5c4417e265ad55b9e924ca8f74c56ccfc90befc949?s=96&d=mm&r=g\",\"contentUrl\":\"https:\\\/\\\/secure.gravatar.com\\\/avatar\\\/a273aa7528406c55ee8e5d5c4417e265ad55b9e924ca8f74c56ccfc90befc949?s=96&d=mm&r=g\",\"caption\":\"Victoria LI VOI\"}}]}<\/script>\n<!-- \/ Yoast SEO plugin. -->","yoast_head_json":{"title":"Extraordinary General Meeting in Camera - Damartex","robots":{"index":"index","follow":"follow","max-snippet":"max-snippet:-1","max-image-preview":"max-image-preview:large","max-video-preview":"max-video-preview:-1"},"canonical":"https:\/\/damartex.com\/en\/extraordinary-general-meeting-in-camera\/","og_locale":"en_US","og_type":"article","og_title":"Extraordinary General Meeting in Camera - Damartex","og_description":"The Company&#8217;s shareholders are informed that an Extraordinary General Meeting will be held on Thursday 16 July 2020 at 2:30 pm. Against the backdrop of the Covid-19 epidemic and in compliance with health measures to contain the epidemic, the Management Board decided at its meeting of 28 May 2020 to hold its General Meeting in [&hellip;]","og_url":"https:\/\/damartex.com\/en\/extraordinary-general-meeting-in-camera\/","og_site_name":"Damartex","article_published_time":"2020-06-10T15:32:00+00:00","article_modified_time":"2020-06-10T15:42:00+00:00","og_image":[{"width":828,"height":452,"url":"https:\/\/damartex.com\/assets\/uploads\/2020\/06\/103943106_609190839803701_1914628304877942837_n.jpg","type":"image\/jpeg"}],"author":"Victoria LI VOI","twitter_card":"summary_large_image","twitter_misc":{"Written by":"Victoria LI VOI","Est. reading time":"2 minutes"},"schema":{"@context":"https:\/\/schema.org","@graph":[{"@type":"Article","@id":"https:\/\/damartex.com\/en\/extraordinary-general-meeting-in-camera\/#article","isPartOf":{"@id":"https:\/\/damartex.com\/en\/extraordinary-general-meeting-in-camera\/"},"author":{"name":"Victoria LI VOI","@id":"https:\/\/damartex.com\/#\/schema\/person\/78f1e3dbe62dd6c9b633541472c569af"},"headline":"Extraordinary General Meeting in Camera","datePublished":"2020-06-10T15:32:00+00:00","dateModified":"2020-06-10T15:42:00+00:00","mainEntityOfPage":{"@id":"https:\/\/damartex.com\/en\/extraordinary-general-meeting-in-camera\/"},"wordCount":347,"commentCount":0,"publisher":{"@id":"https:\/\/damartex.com\/#organization"},"image":{"@id":"https:\/\/damartex.com\/en\/extraordinary-general-meeting-in-camera\/#primaryimage"},"thumbnailUrl":"https:\/\/damartex.com\/assets\/uploads\/2020\/06\/103943106_609190839803701_1914628304877942837_n.jpg","inLanguage":"en-US","potentialAction":[{"@type":"CommentAction","name":"Comment","target":["https:\/\/damartex.com\/en\/extraordinary-general-meeting-in-camera\/#respond"]}]},{"@type":"WebPage","@id":"https:\/\/damartex.com\/en\/extraordinary-general-meeting-in-camera\/","url":"https:\/\/damartex.com\/en\/extraordinary-general-meeting-in-camera\/","name":"Extraordinary General Meeting in Camera - Damartex","isPartOf":{"@id":"https:\/\/damartex.com\/#website"},"primaryImageOfPage":{"@id":"https:\/\/damartex.com\/en\/extraordinary-general-meeting-in-camera\/#primaryimage"},"image":{"@id":"https:\/\/damartex.com\/en\/extraordinary-general-meeting-in-camera\/#primaryimage"},"thumbnailUrl":"https:\/\/damartex.com\/assets\/uploads\/2020\/06\/103943106_609190839803701_1914628304877942837_n.jpg","datePublished":"2020-06-10T15:32:00+00:00","dateModified":"2020-06-10T15:42:00+00:00","breadcrumb":{"@id":"https:\/\/damartex.com\/en\/extraordinary-general-meeting-in-camera\/#breadcrumb"},"inLanguage":"en-US","potentialAction":[{"@type":"ReadAction","target":["https:\/\/damartex.com\/en\/extraordinary-general-meeting-in-camera\/"]}]},{"@type":"ImageObject","inLanguage":"en-US","@id":"https:\/\/damartex.com\/en\/extraordinary-general-meeting-in-camera\/#primaryimage","url":"https:\/\/damartex.com\/assets\/uploads\/2020\/06\/103943106_609190839803701_1914628304877942837_n.jpg","contentUrl":"https:\/\/damartex.com\/assets\/uploads\/2020\/06\/103943106_609190839803701_1914628304877942837_n.jpg","width":828,"height":452},{"@type":"BreadcrumbList","@id":"https:\/\/damartex.com\/en\/extraordinary-general-meeting-in-camera\/#breadcrumb","itemListElement":[{"@type":"ListItem","position":1,"name":"Home","item":"https:\/\/damartex.com\/en\/"},{"@type":"ListItem","position":2,"name":"Extraordinary General Meeting in Camera"}]},{"@type":"WebSite","@id":"https:\/\/damartex.com\/#website","url":"https:\/\/damartex.com\/","name":"Damartex","description":"Damartex regroupe neuf enseignes : Damart, Afibel, Xandres pour le p\u00f4le \u00ab Textile \u00bb, 3Pagen, Vitrine Magique, Coopers of Stortford, pour le p\u00f4le &quot;Home and Lifestyle&quot;, Sant\u00e9ol, MSant\u00e9 et Almadia pour le p\u00f4le &quot;Sant\u00e9&quot;","publisher":{"@id":"https:\/\/damartex.com\/#organization"},"potentialAction":[{"@type":"SearchAction","target":{"@type":"EntryPoint","urlTemplate":"https:\/\/damartex.com\/?s={search_term_string}"},"query-input":{"@type":"PropertyValueSpecification","valueRequired":true,"valueName":"search_term_string"}}],"inLanguage":"en-US"},{"@type":"Organization","@id":"https:\/\/damartex.com\/#organization","name":"Damartex","url":"https:\/\/damartex.com\/","logo":{"@type":"ImageObject","inLanguage":"en-US","@id":"https:\/\/damartex.com\/#\/schema\/logo\/image\/","url":"https:\/\/damartex.com\/assets\/uploads\/2020\/02\/logo.png","contentUrl":"https:\/\/damartex.com\/assets\/uploads\/2020\/02\/logo.png","width":451,"height":184,"caption":"Damartex"},"image":{"@id":"https:\/\/damartex.com\/#\/schema\/logo\/image\/"},"sameAs":["https:\/\/www.linkedin.com\/company\/groupe-damartex\/"]},{"@type":"Person","@id":"https:\/\/damartex.com\/#\/schema\/person\/78f1e3dbe62dd6c9b633541472c569af","name":"Victoria LI VOI","image":{"@type":"ImageObject","inLanguage":"en-US","@id":"https:\/\/secure.gravatar.com\/avatar\/a273aa7528406c55ee8e5d5c4417e265ad55b9e924ca8f74c56ccfc90befc949?s=96&d=mm&r=g","url":"https:\/\/secure.gravatar.com\/avatar\/a273aa7528406c55ee8e5d5c4417e265ad55b9e924ca8f74c56ccfc90befc949?s=96&d=mm&r=g","contentUrl":"https:\/\/secure.gravatar.com\/avatar\/a273aa7528406c55ee8e5d5c4417e265ad55b9e924ca8f74c56ccfc90befc949?s=96&d=mm&r=g","caption":"Victoria LI VOI"}}]}},"_links":{"self":[{"href":"https:\/\/damartex.com\/en\/wp-json\/wp\/v2\/posts\/2799","targetHints":{"allow":["GET"]}}],"collection":[{"href":"https:\/\/damartex.com\/en\/wp-json\/wp\/v2\/posts"}],"about":[{"href":"https:\/\/damartex.com\/en\/wp-json\/wp\/v2\/types\/post"}],"author":[{"embeddable":true,"href":"https:\/\/damartex.com\/en\/wp-json\/wp\/v2\/users\/54"}],"replies":[{"embeddable":true,"href":"https:\/\/damartex.com\/en\/wp-json\/wp\/v2\/comments?post=2799"}],"version-history":[{"count":2,"href":"https:\/\/damartex.com\/en\/wp-json\/wp\/v2\/posts\/2799\/revisions"}],"predecessor-version":[{"id":2804,"href":"https:\/\/damartex.com\/en\/wp-json\/wp\/v2\/posts\/2799\/revisions\/2804"}],"wp:featuredmedia":[{"embeddable":true,"href":"https:\/\/damartex.com\/en\/wp-json\/wp\/v2\/media\/2783"}],"wp:attachment":[{"href":"https:\/\/damartex.com\/en\/wp-json\/wp\/v2\/media?parent=2799"}],"wp:term":[{"taxonomy":"category","embeddable":true,"href":"https:\/\/damartex.com\/en\/wp-json\/wp\/v2\/categories?post=2799"},{"taxonomy":"post_tag","embeddable":true,"href":"https:\/\/damartex.com\/en\/wp-json\/wp\/v2\/tags?post=2799"}],"curies":[{"name":"wp","href":"https:\/\/api.w.org\/{rel}","templated":true}]}}